{"id":14544,"date":"2025-03-02T15:39:15","date_gmt":"2025-03-02T15:39:15","guid":{"rendered":"https:\/\/iyafp.net\/?p=14544"},"modified":"2025-03-03T16:12:25","modified_gmt":"2025-03-03T16:12:25","slug":"politique-de-long-iyafp-contre-lharcelement-sexuel-en-milieu-du-travail-2","status":"publish","type":"post","link":"https:\/\/iyafp.net\/index.php\/2025\/03\/02\/politique-de-long-iyafp-contre-lharcelement-sexuel-en-milieu-du-travail-2\/","title":{"rendered":"Politique de l&rsquo;ONG IYAFP contre l&rsquo;harc\u00e8lement sexuel en milieu du travail"},"content":{"rendered":"<p>Lien :<span style=\"color: #ff6600;\"> <a style=\"color: #ff6600;\" href=\"http:\/\/iyafp.net\/wp-content\/uploads\/2025\/03\/Politique-contre-lharcelement-dans-le-milieu-du-travail-1-2.pdf\">Politique contre l&rsquo;harc\u00e8lement dans le milieu du travail<\/a><\/span><\/p>\n","protected":false},"excerpt":{"rendered":"<p>Lien : Politique contre l&rsquo;harc\u00e8lement dans le milieu du travail<\/p>\n","protected":false},"author":5,"featured_media":14071,"comment_status":"closed","ping_status":"closed","sticky":false,"template":"","format":"standard","meta":{"footnotes":""},"categories":[55],"tags":[],"class_list":{"0":"post-14544","1":"post","2":"type-post","3":"status-publish","4":"format-standard","5":"has-post-thumbnail","7":"category-rapport-et-activite"},"yoast_head":"<!-- This site is optimized with the Yoast SEO plugin v26.8 - https:\/\/yoast.com\/product\/yoast-seo-wordpress\/ -->\n<title>Politique de l&#039;ONG IYAFP contre l&#039;harc\u00e8lement sexuel en milieu du travail - Iyafp.net<\/title>\n<meta name=\"description\" content=\"Lien : Politique contre l&#039;harc\u00e8lement dans le milieu du travail\" \/>\n<meta name=\"robots\" content=\"index, follow, max-snippet:-1, max-image-preview:large, max-video-preview:-1\" \/>\n<link rel=\"canonical\" href=\"https:\/\/iyafp.net\/index.php\/2025\/03\/02\/politique-de-long-iyafp-contre-lharcelement-sexuel-en-milieu-du-travail-2\/\" \/>\n<script type=\"application\/ld+json\" class=\"yoast-schema-graph\">{\"@context\":\"https:\/\/schema.org\",\"@graph\":[{\"@type\":\"Article\",\"@id\":\"https:\/\/iyafp.net\/index.php\/2025\/03\/02\/politique-de-long-iyafp-contre-lharcelement-sexuel-en-milieu-du-travail-2\/#article\",\"isPartOf\":{\"@id\":\"https:\/\/iyafp.net\/index.php\/2025\/03\/02\/politique-de-long-iyafp-contre-lharcelement-sexuel-en-milieu-du-travail-2\/\"},\"author\":{\"name\":\"IYAFP RDC\",\"@id\":\"https:\/\/iyafp.net\/#\/schema\/person\/7f3984dffc3fdcbc4713a8d7349d973e\"},\"headline\":\"Politique de l&rsquo;ONG IYAFP contre l&rsquo;harc\u00e8lement sexuel en milieu du travail\",\"datePublished\":\"2025-03-02T15:39:15+00:00\",\"dateModified\":\"2025-03-03T16:12:25+00:00\",\"mainEntityOfPage\":{\"@id\":\"https:\/\/iyafp.net\/index.php\/2025\/03\/02\/politique-de-long-iyafp-contre-lharcelement-sexuel-en-milieu-du-travail-2\/\"},\"wordCount\":22,\"publisher\":{\"@id\":\"https:\/\/iyafp.net\/#organization\"},\"image\":{\"@id\":\"https:\/\/iyafp.net\/index.php\/2025\/03\/02\/politique-de-long-iyafp-contre-lharcelement-sexuel-en-milieu-du-travail-2\/#primaryimage\"},\"thumbnailUrl\":\"https:\/\/iyafp.net\/wp-content\/uploads\/2024\/05\/WhatsApp-Image-2024-05-05-at-23.41.10-1.jpeg\",\"articleSection\":[\"Rapport et Activit\u00e9\"],\"inLanguage\":\"fr-FR\"},{\"@type\":\"WebPage\",\"@id\":\"https:\/\/iyafp.net\/index.php\/2025\/03\/02\/politique-de-long-iyafp-contre-lharcelement-sexuel-en-milieu-du-travail-2\/\",\"url\":\"https:\/\/iyafp.net\/index.php\/2025\/03\/02\/politique-de-long-iyafp-contre-lharcelement-sexuel-en-milieu-du-travail-2\/\",\"name\":\"Politique de l'ONG IYAFP contre l'harc\u00e8lement sexuel en milieu du travail - Iyafp.net\",\"isPartOf\":{\"@id\":\"https:\/\/iyafp.net\/#website\"},\"primaryImageOfPage\":{\"@id\":\"https:\/\/iyafp.net\/index.php\/2025\/03\/02\/politique-de-long-iyafp-contre-lharcelement-sexuel-en-milieu-du-travail-2\/#primaryimage\"},\"image\":{\"@id\":\"https:\/\/iyafp.net\/index.php\/2025\/03\/02\/politique-de-long-iyafp-contre-lharcelement-sexuel-en-milieu-du-travail-2\/#primaryimage\"},\"thumbnailUrl\":\"https:\/\/iyafp.net\/wp-content\/uploads\/2024\/05\/WhatsApp-Image-2024-05-05-at-23.41.10-1.jpeg\",\"datePublished\":\"2025-03-02T15:39:15+00:00\",\"dateModified\":\"2025-03-03T16:12:25+00:00\",\"description\":\"Lien : Politique contre l'harc\u00e8lement dans le milieu du travail\",\"breadcrumb\":{\"@id\":\"https:\/\/iyafp.net\/index.php\/2025\/03\/02\/politique-de-long-iyafp-contre-lharcelement-sexuel-en-milieu-du-travail-2\/#breadcrumb\"},\"inLanguage\":\"fr-FR\",\"potentialAction\":[{\"@type\":\"ReadAction\",\"target\":[\"https:\/\/iyafp.net\/index.php\/2025\/03\/02\/politique-de-long-iyafp-contre-lharcelement-sexuel-en-milieu-du-travail-2\/\"]}]},{\"@type\":\"ImageObject\",\"inLanguage\":\"fr-FR\",\"@id\":\"https:\/\/iyafp.net\/index.php\/2025\/03\/02\/politique-de-long-iyafp-contre-lharcelement-sexuel-en-milieu-du-travail-2\/#primaryimage\",\"url\":\"https:\/\/iyafp.net\/wp-content\/uploads\/2024\/05\/WhatsApp-Image-2024-05-05-at-23.41.10-1.jpeg\",\"contentUrl\":\"https:\/\/iyafp.net\/wp-content\/uploads\/2024\/05\/WhatsApp-Image-2024-05-05-at-23.41.10-1.jpeg\",\"width\":1706,\"height\":2560},{\"@type\":\"BreadcrumbList\",\"@id\":\"https:\/\/iyafp.net\/index.php\/2025\/03\/02\/politique-de-long-iyafp-contre-lharcelement-sexuel-en-milieu-du-travail-2\/#breadcrumb\",\"itemListElement\":[{\"@type\":\"ListItem\",\"position\":1,\"name\":\"Accueil\",\"item\":\"https:\/\/iyafp.net\/\"},{\"@type\":\"ListItem\",\"position\":2,\"name\":\"Politique de l&rsquo;ONG IYAFP contre l&rsquo;harc\u00e8lement sexuel en milieu du travail\"}]},{\"@type\":\"WebSite\",\"@id\":\"https:\/\/iyafp.net\/#website\",\"url\":\"https:\/\/iyafp.net\/\",\"name\":\"IYAFP\",\"description\":\"Libert\u00e9 de choix et de d\u00e9cision en Sant\u00e9 Sexuelle et reproductive sans discrimination\",\"publisher\":{\"@id\":\"https:\/\/iyafp.net\/#organization\"},\"potentialAction\":[{\"@type\":\"SearchAction\",\"target\":{\"@type\":\"EntryPoint\",\"urlTemplate\":\"https:\/\/iyafp.net\/?s={search_term_string}\"},\"query-input\":{\"@type\":\"PropertyValueSpecification\",\"valueRequired\":true,\"valueName\":\"search_term_string\"}}],\"inLanguage\":\"fr-FR\"},{\"@type\":\"Organization\",\"@id\":\"https:\/\/iyafp.net\/#organization\",\"name\":\"IYAFP\",\"url\":\"https:\/\/iyafp.net\/\",\"logo\":{\"@type\":\"ImageObject\",\"inLanguage\":\"fr-FR\",\"@id\":\"https:\/\/iyafp.net\/#\/schema\/logo\/image\/\",\"url\":\"https:\/\/iyafp.net\/wp-content\/uploads\/2023\/03\/LOGO-IYAFP-RDC.png\",\"contentUrl\":\"https:\/\/iyafp.net\/wp-content\/uploads\/2023\/03\/LOGO-IYAFP-RDC.png\",\"width\":1768,\"height\":908,\"caption\":\"IYAFP\"},\"image\":{\"@id\":\"https:\/\/iyafp.net\/#\/schema\/logo\/image\/\"},\"sameAs\":[\"https:\/\/web.facebook.com\/IYAFPofficiel\",\"https:\/\/x.com\/IYAFP1\",\"https:\/\/www.linkedin.com\/company\/iyafprdc\/\",\"https:\/\/www.youtube.com\/@iyafprdc\",\"https:\/\/www.tiktok.com\/@iyafprd\"]},{\"@type\":\"Person\",\"@id\":\"https:\/\/iyafp.net\/#\/schema\/person\/7f3984dffc3fdcbc4713a8d7349d973e\",\"name\":\"IYAFP RDC\",\"image\":{\"@type\":\"ImageObject\",\"inLanguage\":\"fr-FR\",\"@id\":\"https:\/\/iyafp.net\/#\/schema\/person\/image\/\",\"url\":\"https:\/\/secure.gravatar.com\/avatar\/20553d11f3b4d108ca87b716b549ff57?s=96&d=mm&r=g\",\"contentUrl\":\"https:\/\/secure.gravatar.com\/avatar\/20553d11f3b4d108ca87b716b549ff57?s=96&d=mm&r=g\",\"caption\":\"IYAFP RDC\"}}]}<\/script>\n<!-- \/ Yoast SEO plugin. -->","yoast_head_json":{"title":"Politique de l'ONG IYAFP contre l'harc\u00e8lement sexuel en milieu du travail - Iyafp.net","description":"Lien : Politique contre l'harc\u00e8lement dans le milieu du travail","robots":{"index":"index","follow":"follow","max-snippet":"max-snippet:-1","max-image-preview":"max-image-preview:large","max-video-preview":"max-video-preview:-1"},"canonical":"https:\/\/iyafp.net\/index.php\/2025\/03\/02\/politique-de-long-iyafp-contre-lharcelement-sexuel-en-milieu-du-travail-2\/","schema":{"@context":"https:\/\/schema.org","@graph":[{"@type":"Article","@id":"https:\/\/iyafp.net\/index.php\/2025\/03\/02\/politique-de-long-iyafp-contre-lharcelement-sexuel-en-milieu-du-travail-2\/#article","isPartOf":{"@id":"https:\/\/iyafp.net\/index.php\/2025\/03\/02\/politique-de-long-iyafp-contre-lharcelement-sexuel-en-milieu-du-travail-2\/"},"author":{"name":"IYAFP RDC","@id":"https:\/\/iyafp.net\/#\/schema\/person\/7f3984dffc3fdcbc4713a8d7349d973e"},"headline":"Politique de l&rsquo;ONG IYAFP contre l&rsquo;harc\u00e8lement sexuel en milieu du travail","datePublished":"2025-03-02T15:39:15+00:00","dateModified":"2025-03-03T16:12:25+00:00","mainEntityOfPage":{"@id":"https:\/\/iyafp.net\/index.php\/2025\/03\/02\/politique-de-long-iyafp-contre-lharcelement-sexuel-en-milieu-du-travail-2\/"},"wordCount":22,"publisher":{"@id":"https:\/\/iyafp.net\/#organization"},"image":{"@id":"https:\/\/iyafp.net\/index.php\/2025\/03\/02\/politique-de-long-iyafp-contre-lharcelement-sexuel-en-milieu-du-travail-2\/#primaryimage"},"thumbnailUrl":"https:\/\/iyafp.net\/wp-content\/uploads\/2024\/05\/WhatsApp-Image-2024-05-05-at-23.41.10-1.jpeg","articleSection":["Rapport et Activit\u00e9"],"inLanguage":"fr-FR"},{"@type":"WebPage","@id":"https:\/\/iyafp.net\/index.php\/2025\/03\/02\/politique-de-long-iyafp-contre-lharcelement-sexuel-en-milieu-du-travail-2\/","url":"https:\/\/iyafp.net\/index.php\/2025\/03\/02\/politique-de-long-iyafp-contre-lharcelement-sexuel-en-milieu-du-travail-2\/","name":"Politique de l'ONG IYAFP contre l'harc\u00e8lement sexuel en milieu du travail - Iyafp.net","isPartOf":{"@id":"https:\/\/iyafp.net\/#website"},"primaryImageOfPage":{"@id":"https:\/\/iyafp.net\/index.php\/2025\/03\/02\/politique-de-long-iyafp-contre-lharcelement-sexuel-en-milieu-du-travail-2\/#primaryimage"},"image":{"@id":"https:\/\/iyafp.net\/index.php\/2025\/03\/02\/politique-de-long-iyafp-contre-lharcelement-sexuel-en-milieu-du-travail-2\/#primaryimage"},"thumbnailUrl":"https:\/\/iyafp.net\/wp-content\/uploads\/2024\/05\/WhatsApp-Image-2024-05-05-at-23.41.10-1.jpeg","datePublished":"2025-03-02T15:39:15+00:00","dateModified":"2025-03-03T16:12:25+00:00","description":"Lien : Politique contre l'harc\u00e8lement dans le milieu du travail","breadcrumb":{"@id":"https:\/\/iyafp.net\/index.php\/2025\/03\/02\/politique-de-long-iyafp-contre-lharcelement-sexuel-en-milieu-du-travail-2\/#breadcrumb"},"inLanguage":"fr-FR","potentialAction":[{"@type":"ReadAction","target":["https:\/\/iyafp.net\/index.php\/2025\/03\/02\/politique-de-long-iyafp-contre-lharcelement-sexuel-en-milieu-du-travail-2\/"]}]},{"@type":"ImageObject","inLanguage":"fr-FR","@id":"https:\/\/iyafp.net\/index.php\/2025\/03\/02\/politique-de-long-iyafp-contre-lharcelement-sexuel-en-milieu-du-travail-2\/#primaryimage","url":"https:\/\/iyafp.net\/wp-content\/uploads\/2024\/05\/WhatsApp-Image-2024-05-05-at-23.41.10-1.jpeg","contentUrl":"https:\/\/iyafp.net\/wp-content\/uploads\/2024\/05\/WhatsApp-Image-2024-05-05-at-23.41.10-1.jpeg","width":1706,"height":2560},{"@type":"BreadcrumbList","@id":"https:\/\/iyafp.net\/index.php\/2025\/03\/02\/politique-de-long-iyafp-contre-lharcelement-sexuel-en-milieu-du-travail-2\/#breadcrumb","itemListElement":[{"@type":"ListItem","position":1,"name":"Accueil","item":"https:\/\/iyafp.net\/"},{"@type":"ListItem","position":2,"name":"Politique de l&rsquo;ONG IYAFP contre l&rsquo;harc\u00e8lement sexuel en milieu du travail"}]},{"@type":"WebSite","@id":"https:\/\/iyafp.net\/#website","url":"https:\/\/iyafp.net\/","name":"IYAFP","description":"Libert\u00e9 de choix et de d\u00e9cision en Sant\u00e9 Sexuelle et reproductive sans discrimination","publisher":{"@id":"https:\/\/iyafp.net\/#organization"},"potentialAction":[{"@type":"SearchAction","target":{"@type":"EntryPoint","urlTemplate":"https:\/\/iyafp.net\/?s={search_term_string}"},"query-input":{"@type":"PropertyValueSpecification","valueRequired":true,"valueName":"search_term_string"}}],"inLanguage":"fr-FR"},{"@type":"Organization","@id":"https:\/\/iyafp.net\/#organization","name":"IYAFP","url":"https:\/\/iyafp.net\/","logo":{"@type":"ImageObject","inLanguage":"fr-FR","@id":"https:\/\/iyafp.net\/#\/schema\/logo\/image\/","url":"https:\/\/iyafp.net\/wp-content\/uploads\/2023\/03\/LOGO-IYAFP-RDC.png","contentUrl":"https:\/\/iyafp.net\/wp-content\/uploads\/2023\/03\/LOGO-IYAFP-RDC.png","width":1768,"height":908,"caption":"IYAFP"},"image":{"@id":"https:\/\/iyafp.net\/#\/schema\/logo\/image\/"},"sameAs":["https:\/\/web.facebook.com\/IYAFPofficiel","https:\/\/x.com\/IYAFP1","https:\/\/www.linkedin.com\/company\/iyafprdc\/","https:\/\/www.youtube.com\/@iyafprdc","https:\/\/www.tiktok.com\/@iyafprd"]},{"@type":"Person","@id":"https:\/\/iyafp.net\/#\/schema\/person\/7f3984dffc3fdcbc4713a8d7349d973e","name":"IYAFP RDC","image":{"@type":"ImageObject","inLanguage":"fr-FR","@id":"https:\/\/iyafp.net\/#\/schema\/person\/image\/","url":"https:\/\/secure.gravatar.com\/avatar\/20553d11f3b4d108ca87b716b549ff57?s=96&d=mm&r=g","contentUrl":"https:\/\/secure.gravatar.com\/avatar\/20553d11f3b4d108ca87b716b549ff57?s=96&d=mm&r=g","caption":"IYAFP RDC"}}]}},"_links":{"self":[{"href":"https:\/\/iyafp.net\/index.php\/wp-json\/wp\/v2\/posts\/14544","targetHints":{"allow":["GET"]}}],"collection":[{"href":"https:\/\/iyafp.net\/index.php\/wp-json\/wp\/v2\/posts"}],"about":[{"href":"https:\/\/iyafp.net\/index.php\/wp-json\/wp\/v2\/types\/post"}],"author":[{"embeddable":true,"href":"https:\/\/iyafp.net\/index.php\/wp-json\/wp\/v2\/users\/5"}],"replies":[{"embeddable":true,"href":"https:\/\/iyafp.net\/index.php\/wp-json\/wp\/v2\/comments?post=14544"}],"version-history":[{"count":5,"href":"https:\/\/iyafp.net\/index.php\/wp-json\/wp\/v2\/posts\/14544\/revisions"}],"predecessor-version":[{"id":14555,"href":"https:\/\/iyafp.net\/index.php\/wp-json\/wp\/v2\/posts\/14544\/revisions\/14555"}],"wp:featuredmedia":[{"embeddable":true,"href":"https:\/\/iyafp.net\/index.php\/wp-json\/wp\/v2\/media\/14071"}],"wp:attachment":[{"href":"https:\/\/iyafp.net\/index.php\/wp-json\/wp\/v2\/media?parent=14544"}],"wp:term":[{"taxonomy":"category","embeddable":true,"href":"https:\/\/iyafp.net\/index.php\/wp-json\/wp\/v2\/categories?post=14544"},{"taxonomy":"post_tag","embeddable":true,"href":"https:\/\/iyafp.net\/index.php\/wp-json\/wp\/v2\/tags?post=14544"}],"curies":[{"name":"wp","href":"https:\/\/api.w.org\/{rel}","templated":true}]}}